{"id":21486,"date":"2025-11-24T12:25:17","date_gmt":"2025-11-24T11:25:17","guid":{"rendered":"https:\/\/staritrgobkolpi.splet.arnes.si\/?p=21486"},"modified":"2025-11-24T12:25:17","modified_gmt":"2025-11-24T11:25:17","slug":"tradicionalni-slovenski-zajtrk-v-vrtcu","status":"publish","type":"post","link":"https:\/\/staritrgobkolpi.splet.arnes.si\/?p=21486","title":{"rendered":"Tradicionalni slovenski zajtrk v vrtcu"},"content":{"rendered":"<p>Tako kot vsako leto smo tudi otroci iz skupin Mi\u0161ke in Sovice obele\u017eili Tradicionalni slovenski zajtrk. \u017de ves teden smo se pripravljali na ta dan. Vsak je ustvaril svoj pogrinjek, ki je z barvami in domi\u0161ljijo polep\u0161al na\u0161e mize.<\/p>\n<p>Ko je kon\u010dno napo\u010dil petek, smo si pripravili pristen doma\u010d zajtrk. Na kruh smo namazali maslo in med ter si nato\u010dili skodelico mleka. Prav vse sestavine so bile lokalnega izvora, pridelane v na\u0161i bli\u017enji okolici, kar je bila odli\u010dna prilo\u017enost za pogovor o pomenu lokalno pridelanih \u017eivilih.<\/p>\n<p>\u00bbMmmmm\u00ab kako slasten zajtrk je bil. Otroci so bili navdu\u0161eni nad medenim okusom in pravijo, da bi si tak\u0161en zajtrk \u017eeleli ve\u010dkrat. Cilj Tradicionalnega slovenskega zajtrka je, da &nbsp;nas spomnil, kako pomembno je \u010debelarstvo, kmetijstvo, zdrava prehrana, gibanje in \u010disto okolje.<\/p>\n<p>Vir: VVE pri O\u0160 Stari trg ob Kolpi<\/p>\nngg_shortcode_0_placeholder\n","protected":false},"excerpt":{"rendered":"<p>Tako kot vsako leto smo tudi otroci iz skupin Mi\u0161ke in Sovice obele\u017eili Tradicionalni slovenski zajtrk. \u017de ves teden smo se pripravljali na ta dan. Vsak je ustvaril svoj pogrinjek, [&hellip;]<\/p>\n","protected":false},"author":91022,"featured_media":21493,"comment_status":"closed","ping_status":"closed","sticky":false,"template":"","format":"standard","meta":{"ngg_post_thumbnail":0,"footnotes":""},"categories":[19,96],"tags":[],"class_list":["post-21486","post","type-post","status-publish","format-standard","has-post-thumbnail","hentry","category-c44-dogodki","category-dogodki-v-vrtcu-2025-26"],"_links":{"self":[{"href":"https:\/\/staritrgobkolpi.splet.arnes.si\/index.php?rest_route=\/wp\/v2\/posts\/21486","targetHints":{"allow":["GET"]}}],"collection":[{"href":"https:\/\/staritrgobkolpi.splet.arnes.si\/index.php?rest_route=\/wp\/v2\/posts"}],"about":[{"href":"https:\/\/staritrgobkolpi.splet.arnes.si\/index.php?rest_route=\/wp\/v2\/types\/post"}],"author":[{"embeddable":true,"href":"https:\/\/staritrgobkolpi.splet.arnes.si\/index.php?rest_route=\/wp\/v2\/users\/91022"}],"replies":[{"embeddable":true,"href":"https:\/\/staritrgobkolpi.splet.arnes.si\/index.php?rest_route=%2Fwp%2Fv2%2Fcomments&post=21486"}],"version-history":[{"count":2,"href":"https:\/\/staritrgobkolpi.splet.arnes.si\/index.php?rest_route=\/wp\/v2\/posts\/21486\/revisions"}],"predecessor-version":[{"id":21496,"href":"https:\/\/staritrgobkolpi.splet.arnes.si\/index.php?rest_route=\/wp\/v2\/posts\/21486\/revisions\/21496"}],"wp:featuredmedia":[{"embeddable":true,"href":"https:\/\/staritrgobkolpi.splet.arnes.si\/index.php?rest_route=\/wp\/v2\/media\/21493"}],"wp:attachment":[{"href":"https:\/\/staritrgobkolpi.splet.arnes.si\/index.php?rest_route=%2Fwp%2Fv2%2Fmedia&parent=21486"}],"wp:term":[{"taxonomy":"category","embeddable":true,"href":"https:\/\/staritrgobkolpi.splet.arnes.si\/index.php?rest_route=%2Fwp%2Fv2%2Fcategories&post=21486"},{"taxonomy":"post_tag","embeddable":true,"href":"https:\/\/staritrgobkolpi.splet.arnes.si\/index.php?rest_route=%2Fwp%2Fv2%2Ftags&post=21486"}],"curies":[{"name":"wp","href":"https:\/\/api.w.org\/{rel}","templated":true}]}}